{"id":3006,"date":"2023-01-13T07:53:27","date_gmt":"2023-01-13T06:53:27","guid":{"rendered":"https:\/\/www.avocat-bouria.com\/fr\/?p=3006"},"modified":"2023-01-13T07:53:27","modified_gmt":"2023-01-13T06:53:27","slug":"comment-se-deroule-une-mediation","status":"publish","type":"post","link":"https:\/\/www.avocat-bouria.com\/fr\/2023\/01\/13\/comment-se-deroule-une-mediation\/","title":{"rendered":"Comment se d\u00e9roule une m\u00e9diation?"},"content":{"rendered":"\n<figure class=\"wp-block-pullquote\"><blockquote><p><\/p><p>\u00ab\u00a0<em>Ils sont comp\u00e9tents, ils savent mieux que moi ce qui est bon et important pour eux<\/em>\u00a0 <\/p><cite>Evelyne Founrier-Meissirel<\/cite><\/blockquote><\/figure>\n\n\n\n<iframe loading=\"lazy\" src=\"https:\/\/embed.acast.com\/61e92893b12eb70013d3a6e4\/63c06ce43d134f001067fcde\" frameBorder=\"0\" width=\"100%\" height=\"190px\"><\/iframe>\n\n\n\n<p><\/p>\n\n\n\n<p>Le l\u00e9gislateur, les juges, certains avocats, vous incitent de plus en plus \u00e0 recourir aux modes alternatifs de r\u00e8glement des conflits\u00a0(les MARCs en Belgique et MARD en France)\u00a0: <\/p>\n\n\n\n<p>La n\u00e9gociation, la conciliation ou la m\u00e9diation\nafin d\u2019\u00e9viter d\u2019engorger encore plus les tribunaux qui connaissent un arri\u00e9r\u00e9\njudiciaire tr\u00e8s important.<\/p>\n\n\n\n<p>Si on entrevoit ce que la conciliation et la n\u00e9gociation\nrecouvrent, je me rends compte que la m\u00e9diation est totalement m\u00e9connue.<\/p>\n\n\n\n<p>Moi, la premi\u00e8re, je n\u2019avais aucune id\u00e9e de\nson fonctionnement jusqu\u2019\u00e0 ce que j\u2019entame une formation en m\u00e9diation pour me\nrendre compte que j\u2019\u00e9tais totalement \u00e0 c\u00f4t\u00e9 de la plaque.<\/p>\n\n\n\n<p>J\u2019ai donc d\u00e9cid\u00e9 de tendre mon micro \u00e0 Evelyne\nFournier-Meissirel, m\u00e9diatrice et avocate honoraire.<\/p>\n\n\n\n<p>Pas \u00e0 pas, elle nous raconte comment se\nd\u00e9roule une m\u00e9diation et comment les meilleurs ennemis peuvent, a minima, \u00e9changer\nen terrain neutre, voire trouver un accord satisfaisant pour tous.<\/p>\n\n\n\n<p>Bonne \u00e9coute&nbsp;!<\/p>\n","protected":false},"excerpt":{"rendered":"<p>\u00ab\u00a0Ils sont comp\u00e9tents, ils savent mieux que moi ce qui est bon et important pour eux\u00a0 Evelyne Founrier-Meissirel Le l\u00e9gislateur, les &#8230;<\/p>\n","protected":false},"author":2,"featured_media":0,"comment_status":"open","ping_status":"open","sticky":false,"template":"","format":"standard","meta":{"footnotes":""},"categories":[69,24,46],"tags":[],"class_list":["post-3006","post","type-post","status-publish","format-standard","hentry","category-episode-20-episode-20","category-podcast","category-saison-03"],"_links":{"self":[{"href":"https:\/\/www.avocat-bouria.com\/fr\/wp-json\/wp\/v2\/posts\/3006","targetHints":{"allow":["GET"]}}],"collection":[{"href":"https:\/\/www.avocat-bouria.com\/fr\/wp-json\/wp\/v2\/posts"}],"about":[{"href":"https:\/\/www.avocat-bouria.com\/fr\/wp-json\/wp\/v2\/types\/post"}],"author":[{"embeddable":true,"href":"https:\/\/www.avocat-bouria.com\/fr\/wp-json\/wp\/v2\/users\/2"}],"replies":[{"embeddable":true,"href":"https:\/\/www.avocat-bouria.com\/fr\/wp-json\/wp\/v2\/comments?post=3006"}],"version-history":[{"count":1,"href":"https:\/\/www.avocat-bouria.com\/fr\/wp-json\/wp\/v2\/posts\/3006\/revisions"}],"predecessor-version":[{"id":3007,"href":"https:\/\/www.avocat-bouria.com\/fr\/wp-json\/wp\/v2\/posts\/3006\/revisions\/3007"}],"wp:attachment":[{"href":"https:\/\/www.avocat-bouria.com\/fr\/wp-json\/wp\/v2\/media?parent=3006"}],"wp:term":[{"taxonomy":"category","embeddable":true,"href":"https:\/\/www.avocat-bouria.com\/fr\/wp-json\/wp\/v2\/categories?post=3006"},{"taxonomy":"post_tag","embeddable":true,"href":"https:\/\/www.avocat-bouria.com\/fr\/wp-json\/wp\/v2\/tags?post=3006"}],"curies":[{"name":"wp","href":"https:\/\/api.w.org\/{rel}","templated":true}]}}