{"id":3241,"date":"2024-01-12T07:27:07","date_gmt":"2024-01-12T06:27:07","guid":{"rendered":"https:\/\/www.avocat-bouria.com\/fr\/?p=3241"},"modified":"2024-01-12T07:27:07","modified_gmt":"2024-01-12T06:27:07","slug":"quel-le-role-du-conseil-central-de-surveillance-penitentiaire","status":"publish","type":"post","link":"https:\/\/www.avocat-bouria.com\/fr\/2024\/01\/12\/quel-le-role-du-conseil-central-de-surveillance-penitentiaire\/","title":{"rendered":"Quel le r\u00f4le du Conseil central de surveillance p\u00e9nitentiaire?"},"content":{"rendered":"\n<figure class=\"wp-block-pullquote\"><blockquote><p><em>\u00abNous sommes le barom\u00e8tre de l\u2019\u00e9tat des prisons<\/em>\u00a0\u00bb<\/p><cite>Marc N\u00e8ve <\/cite><\/blockquote><\/figure>\n\n\n\n<iframe loading=\"lazy\" title=\"Embed Player\" width=\"100%\" height=\"188px\" src=\"https:\/\/embed.acast.com\/61e92893b12eb70013d3a6e4\/65a062d584e5860016c29fc8\" scrolling=\"no\" frameBorder=\"0\" style=\"border:none;overflow:hidden;\"><\/iframe>\n\n\n\n<p>Bagarres, agressions contre les surveillants ou suicides, \u2026<br><br>Que se passe-t-il derri\u00e8re les murs des prisons&nbsp;?<br><br>L\u2019administration p\u00e9nitentiaire fait-elle vraiment ce qu\u2019elle veut&nbsp;?<br><br>Pas tout \u00e0 fait&nbsp;!<br><br>En Belgique, le Conseil central de surveillance p\u00e9nitentiaire (CCSP), un organisme ind\u00e9pendant a \u00e9t\u00e9 cr\u00e9\u00e9 afin de&nbsp;:<\/p>\n\n\n\n<p>\u2705 Contr\u00f4ler la mani\u00e8re dont les prisonniers sont trait\u00e9s\u00a0;<br>\u2705 Faire remonter des informations sous forme d\u2019avis \u00e0 diff\u00e9rentes autorit\u00e9s\u00a0(parlement, ministre de la justice, ministre de la sant\u00e9, \u2026);<br>\u2705 Examiner les plaintes d\u00e9pos\u00e9es par les prisonniers\u00a0;<\/p>\n\n\n\n<p>J\u2019ai tendu mon micro \u00e0 Marc N\u00e8ve, avocat p\u00e9naliste et pr\u00e9sident du Conseil central de surveillance p\u00e9nitentiaire.<br><br>Nous avons \u00e9voqu\u00e9 l\u2019\u00e9tat de d\u00e9labrement de nombreuses prisons, la surpopulation carc\u00e9rale, les moyens allou\u00e9s au secteur et les alternatives \u00e0 l\u2019enfermement qui existent \u00e0 l\u2019\u00e9tranger, des choix qui ne sont pas op\u00e9r\u00e9s en Belgique.<br><br>Je vous souhaite une bonne \u00e9coute\u00a0!<br><br><br><br><br><\/p>\n","protected":false},"excerpt":{"rendered":"<p>\u00abNous sommes le barom\u00e8tre de l\u2019\u00e9tat des prisons\u00a0\u00bb Marc N\u00e8ve Bagarres, agressions contre les surveillants ou suicides, \u2026 Que se passe-t-il &#8230;<\/p>\n","protected":false},"author":2,"featured_media":0,"comment_status":"closed","ping_status":"closed","sticky":false,"template":"","format":"standard","meta":{"footnotes":""},"categories":[111,24,95],"tags":[],"class_list":["post-3241","post","type-post","status-publish","format-standard","hentry","category-episode-67","category-podcast","category-saison-04"],"_links":{"self":[{"href":"https:\/\/www.avocat-bouria.com\/fr\/wp-json\/wp\/v2\/posts\/3241","targetHints":{"allow":["GET"]}}],"collection":[{"href":"https:\/\/www.avocat-bouria.com\/fr\/wp-json\/wp\/v2\/posts"}],"about":[{"href":"https:\/\/www.avocat-bouria.com\/fr\/wp-json\/wp\/v2\/types\/post"}],"author":[{"embeddable":true,"href":"https:\/\/www.avocat-bouria.com\/fr\/wp-json\/wp\/v2\/users\/2"}],"replies":[{"embeddable":true,"href":"https:\/\/www.avocat-bouria.com\/fr\/wp-json\/wp\/v2\/comments?post=3241"}],"version-history":[{"count":1,"href":"https:\/\/www.avocat-bouria.com\/fr\/wp-json\/wp\/v2\/posts\/3241\/revisions"}],"predecessor-version":[{"id":3242,"href":"https:\/\/www.avocat-bouria.com\/fr\/wp-json\/wp\/v2\/posts\/3241\/revisions\/3242"}],"wp:attachment":[{"href":"https:\/\/www.avocat-bouria.com\/fr\/wp-json\/wp\/v2\/media?parent=3241"}],"wp:term":[{"taxonomy":"category","embeddable":true,"href":"https:\/\/www.avocat-bouria.com\/fr\/wp-json\/wp\/v2\/categories?post=3241"},{"taxonomy":"post_tag","embeddable":true,"href":"https:\/\/www.avocat-bouria.com\/fr\/wp-json\/wp\/v2\/tags?post=3241"}],"curies":[{"name":"wp","href":"https:\/\/api.w.org\/{rel}","templated":true}]}}