{"id":3309,"date":"2024-04-05T07:11:49","date_gmt":"2024-04-05T05:11:49","guid":{"rendered":"https:\/\/www.avocat-bouria.com\/fr\/?p=3309"},"modified":"2024-04-05T07:11:53","modified_gmt":"2024-04-05T05:11:53","slug":"parents-separes-mon-enfant-peut-il-choisir-son-lieu-de-vie","status":"publish","type":"post","link":"https:\/\/www.avocat-bouria.com\/fr\/2024\/04\/05\/parents-separes-mon-enfant-peut-il-choisir-son-lieu-de-vie\/","title":{"rendered":"Parents s\u00e9par\u00e9s : mon enfant peut-il choisir son lieu de vie?"},"content":{"rendered":"\n<p><\/p>\n\n\n\n<figure class=\"wp-block-pullquote\"><blockquote><p>Jamais le juge ne va jamais demander \u00e0 l&rsquo;enfant : \u00ab\u00a0<em>est-ce que tu pr\u00e9f\u00e8res ton p\u00e8re ou ta m\u00e8re?<\/em>\u00ab\u00a0<\/p><cite>Nadia Bouria <\/cite><\/blockquote><\/figure>\n\n\n\n<iframe loading=\"lazy\" title=\"Embed Player\" width=\"100%\" height=\"188px\" src=\"https:\/\/embed.acast.com\/61e92893b12eb70013d3a6e4\/660ef854dfaf11001706ca6a\" scrolling=\"no\" frameBorder=\"0\" style=\"border:none;overflow:hidden;\"><\/iframe>\n\n\n\n<p>\u00ab\u00a0\ud835\udc3b\ud835\udc62\ud835\udc54\ud835\udc5c \ud835\udc4e 12 \ud835\udc4e\ud835\udc5b\ud835\udc60, \ud835\udc56\ud835\udc59 \ud835\udc63\ud835\udc4e \ud835\udc51\ud835\udc56\ud835\udc5f\ud835\udc52 \ud835\udc4e\ud835\udc62 \ud835\udc57\ud835\udc62\ud835\udc54\ud835\udc52 \ud835\udc5e\ud835\udc62\u2019\ud835\udc56\ud835\udc59\u00a0\ud835\udc63\ud835\udc52\ud835\udc62\ud835\udc61 \ud835\udc63\ud835\udc56\ud835\udc63\ud835\udc5f\ud835\udc52 \ud835\udc50\u210e\ud835\udc52\ud835\udc67 \ud835\udc5a\ud835\udc5c\ud835\udc56\u00a0! \u00bb<br><br>C\u2019est ce que m\u2019a dit Maria, 35 ans, s\u00e9par\u00e9e de son mari Fabrice, 40 ans.<br><br>La s\u00e9paration est plut\u00f4t houleuse.<br><br>Maria est persuad\u00e9e que Hugo serait mieux chez elle.<br><br>Selon elle, le papa travaille trop, parfois de nuit et il serait alcoolique.<br><br>Hugo a re\u00e7u une invitation pour \u00eatre entendu par le juge de la famille qui sera charg\u00e9 de trancher le dossier introduit par sa m\u00e8re.<br><br>Elle l\u2019a coach\u00e9 pour qu\u2019il insiste aupr\u00e8s du juge et lui dise \u00ab\u00a0\ud835\udc57\ud835\udc52 \ud835\udc5b\ud835\udc52 \ud835\udc63\ud835\udc52\ud835\udc62\ud835\udc65 \ud835\udc5d\ud835\udc59\ud835\udc62\ud835\udc60 \ud835\udc4e\ud835\udc59\ud835\udc59\ud835\udc52\ud835\udc5f \ud835\udc50\u210e\ud835\udc52\ud835\udc67 \ud835\udc5d\ud835\udc4e\ud835\udc5d\ud835\udc4e \ud835\udc52\ud835\udc61 \ud835\udc57\ud835\udc52 \ud835\udc63\ud835\udc52\ud835\udc62\ud835\udc65 \ud835\udc5f\ud835\udc52\ud835\udc60\ud835\udc61\ud835\udc52\ud835\udc5f \ud835\udc50\u210e\ud835\udc52\ud835\udc67 \ud835\udc5a\ud835\udc4e\ud835\udc5a\ud835\udc4e\ud835\udc5b\u00a0\u00bb.<br><br>Sauf que contrairement \u00e0 ce qu\u2019elle pensait, le magistrat a finalement d\u00e9cid\u00e9 que l\u2019enfant commun serait h\u00e9berg\u00e9 par Fabrice du jeudi apr\u00e8s l\u2019\u00e9cole au lundi matin retour \u00e0 l\u2019\u00e9cole, une semaine sur deux.<br><br>Maria ne comprend pas que le juge n\u2019ait pas tenu compte de la demande de son fils.<br><br>Dans ce nouvel \u00e9pisode du podcast \u00ab\u00a0\ud835\udc3f\ud835\udc4e \ud835\udc3d\ud835\udc62\ud835\udc60\ud835\udc61\ud835\udc56\ud835\udc50\ud835\udc52 \ud835\udc52\ud835\udc61 \ud835\udc5a\ud835\udc5c\ud835\udc56\u00a0\u00bb, je vous explique comment les juges utilisent les auditions des enfants pour prendre leurs d\u00e9cisions.<br><br>Je vous souhaite une bonne \u00e9coute\u00a0!<br><br><\/p>\n","protected":false},"excerpt":{"rendered":"<p>Jamais le juge ne va jamais demander \u00e0 l&rsquo;enfant : \u00ab\u00a0est-ce que tu pr\u00e9f\u00e8res ton p\u00e8re ou ta m\u00e8re?\u00ab\u00a0 Nadia Bouria &#8230;<\/p>\n","protected":false},"author":2,"featured_media":0,"comment_status":"closed","ping_status":"closed","sticky":false,"template":"","format":"standard","meta":{"footnotes":""},"categories":[117,24,95],"tags":[],"class_list":["post-3309","post","type-post","status-publish","format-standard","hentry","category-episode-79","category-podcast","category-saison-04"],"_links":{"self":[{"href":"https:\/\/www.avocat-bouria.com\/fr\/wp-json\/wp\/v2\/posts\/3309","targetHints":{"allow":["GET"]}}],"collection":[{"href":"https:\/\/www.avocat-bouria.com\/fr\/wp-json\/wp\/v2\/posts"}],"about":[{"href":"https:\/\/www.avocat-bouria.com\/fr\/wp-json\/wp\/v2\/types\/post"}],"author":[{"embeddable":true,"href":"https:\/\/www.avocat-bouria.com\/fr\/wp-json\/wp\/v2\/users\/2"}],"replies":[{"embeddable":true,"href":"https:\/\/www.avocat-bouria.com\/fr\/wp-json\/wp\/v2\/comments?post=3309"}],"version-history":[{"count":1,"href":"https:\/\/www.avocat-bouria.com\/fr\/wp-json\/wp\/v2\/posts\/3309\/revisions"}],"predecessor-version":[{"id":3310,"href":"https:\/\/www.avocat-bouria.com\/fr\/wp-json\/wp\/v2\/posts\/3309\/revisions\/3310"}],"wp:attachment":[{"href":"https:\/\/www.avocat-bouria.com\/fr\/wp-json\/wp\/v2\/media?parent=3309"}],"wp:term":[{"taxonomy":"category","embeddable":true,"href":"https:\/\/www.avocat-bouria.com\/fr\/wp-json\/wp\/v2\/categories?post=3309"},{"taxonomy":"post_tag","embeddable":true,"href":"https:\/\/www.avocat-bouria.com\/fr\/wp-json\/wp\/v2\/tags?post=3309"}],"curies":[{"name":"wp","href":"https:\/\/api.w.org\/{rel}","templated":true}]}}