{"id":3334,"date":"2024-05-10T07:31:45","date_gmt":"2024-05-10T05:31:45","guid":{"rendered":"https:\/\/www.avocat-bouria.com\/fr\/?p=3334"},"modified":"2024-05-10T15:49:40","modified_gmt":"2024-05-10T13:49:40","slug":"quel-est-le-role-du-juge-conciliateur","status":"publish","type":"post","link":"https:\/\/www.avocat-bouria.com\/fr\/2024\/05\/10\/quel-est-le-role-du-juge-conciliateur\/","title":{"rendered":"Quel est le r\u00f4le du juge-conciliateur?"},"content":{"rendered":"\n<figure class=\"wp-block-pullquote\"><blockquote><p><em>\u00ab\u00a0Le but est de laisser la place aux parties pour qu&rsquo;elles puissent s&rsquo;exprimer comme si le dossier leur appartenait encore\u00a0\u00bb<\/em><\/p><cite>Olivier Moreno<\/cite><\/blockquote><\/figure>\n\n\n\n<iframe loading=\"lazy\" title=\"Embed Player\" width=\"100%\" height=\"188px\" src=\"https:\/\/embed.acast.com\/61e92893b12eb70013d3a6e4\/663d1cd215398a0012afa5e4\" scrolling=\"no\" frameBorder=\"0\" style=\"border:none;overflow:hidden;\"><\/iframe>\n\n\n\n<p>Lorsqu\u2019il a re\u00e7u le d\u00e9compte de ses cotisations sociales, il est tomb\u00e9 de sa chaise.<\/p>\n\n\n\n<p>On lui r\u00e9clame une somme dingue sans tenir compte de son nouveau statut de salari\u00e9.<\/p>\n\n\n\n<p>Apr\u00e8s plusieurs \u00e9changes infructueux avec le gestionnaire de son dossier, il d\u00e9cide de saisir le Tribunal du Travail.<\/p>\n\n\n\n<p>Lors de la premi\u00e8re audience, il d\u00e9couvre que le juge peut trancher le litige \u00ab&nbsp;<em>\u00e0 l\u2019ancienne&nbsp;<\/em>\u00bb ou envoyer son affaire vers un juge-conciliateur.<\/p>\n\n\n\n<p>Olivier Moreno est juge au Tribunal du travail francophone de Bruxelles et il g\u00e8re une CRA, une chambre de r\u00e8glement \u00e0 l\u2019amiable.<\/p>\n\n\n\n<p>Selon lui, \u00ab&nbsp;<em>le juge est d\u2019abord \u00e0 la disposition des parties pour s\u2019entendre, les comprendre et les amener \u00e0 se rapprocher pour \u00e9ventuellement les accorder&nbsp;\u00bb.<\/em><\/p>\n\n\n\n<p>Le juge-conciliateur peut \u00eatre saisi \u00e0 tout moment&nbsp;:<\/p>\n\n\n\n<ul class=\"wp-block-list\">\n<li>au stade pr\u00e9contentieux (avant de se faire la guerre)<\/li>\n\n\n\n<li>ou \u00e0 tout moment de la proc\u00e9dure judiciaire (m\u00eame en appel)<\/li>\n<\/ul>\n\n\n\n<p>\u00c9coutez cet \u00e9pisode dans lequel Olivier nous explique comment fonctionne ses audiences de conciliation, une autre fa\u00e7on de r\u00e9fl\u00e9chir la justice.<\/p>\n\n\n\n<p>Bonne \u00e9coute !<\/p>\n\n\n\n<p>Note : <\/p>\n\n\n\n<p>Pour aller plus loin, lisez l&rsquo;article d&rsquo;Olivier Moreno : L\u2019AV\u00c8NEMENT DU PARADIGME DE LA CONCILIATION JUDICIAIRE AU SERVICE D\u2019UNE JUSTICE PLURIELLE ET PACIFICATRICE<\/p>\n\n\n\n<p><a href=\"https:\/\/cim-imc.com\/wp-content\/uploads\/2024\/04\/Le-paradigme-de-la-conciliation-O.-Moreno.pdf\">https:\/\/cim-imc.com\/wp-content\/uploads\/2024\/04\/Le-paradigme-de-la-conciliation-O.-Moreno.pdf<\/a><\/p>\n\n\n\n<p>Olivier Moreno : https:\/\/www.linkedin.com\/in\/moreno-olivier-0a1a64a\/ <\/p>\n\n\n\n<p><\/p>\n","protected":false},"excerpt":{"rendered":"<p>\u00ab\u00a0Le but est de laisser la place aux parties pour qu&rsquo;elles puissent s&rsquo;exprimer comme si le dossier leur appartenait encore\u00a0\u00bb Olivier &#8230;<\/p>\n","protected":false},"author":2,"featured_media":0,"comment_status":"closed","ping_status":"closed","sticky":false,"template":"","format":"standard","meta":{"footnotes":""},"categories":[125,24,95],"tags":[],"class_list":["post-3334","post","type-post","status-publish","format-standard","hentry","category-episode-82","category-podcast","category-saison-04"],"_links":{"self":[{"href":"https:\/\/www.avocat-bouria.com\/fr\/wp-json\/wp\/v2\/posts\/3334","targetHints":{"allow":["GET"]}}],"collection":[{"href":"https:\/\/www.avocat-bouria.com\/fr\/wp-json\/wp\/v2\/posts"}],"about":[{"href":"https:\/\/www.avocat-bouria.com\/fr\/wp-json\/wp\/v2\/types\/post"}],"author":[{"embeddable":true,"href":"https:\/\/www.avocat-bouria.com\/fr\/wp-json\/wp\/v2\/users\/2"}],"replies":[{"embeddable":true,"href":"https:\/\/www.avocat-bouria.com\/fr\/wp-json\/wp\/v2\/comments?post=3334"}],"version-history":[{"count":4,"href":"https:\/\/www.avocat-bouria.com\/fr\/wp-json\/wp\/v2\/posts\/3334\/revisions"}],"predecessor-version":[{"id":3344,"href":"https:\/\/www.avocat-bouria.com\/fr\/wp-json\/wp\/v2\/posts\/3334\/revisions\/3344"}],"wp:attachment":[{"href":"https:\/\/www.avocat-bouria.com\/fr\/wp-json\/wp\/v2\/media?parent=3334"}],"wp:term":[{"taxonomy":"category","embeddable":true,"href":"https:\/\/www.avocat-bouria.com\/fr\/wp-json\/wp\/v2\/categories?post=3334"},{"taxonomy":"post_tag","embeddable":true,"href":"https:\/\/www.avocat-bouria.com\/fr\/wp-json\/wp\/v2\/tags?post=3334"}],"curies":[{"name":"wp","href":"https:\/\/api.w.org\/{rel}","templated":true}]}}