{"id":3478,"date":"2025-01-10T07:19:17","date_gmt":"2025-01-10T06:19:17","guid":{"rendered":"https:\/\/www.avocat-bouria.com\/fr\/?p=3478"},"modified":"2025-01-10T07:19:17","modified_gmt":"2025-01-10T06:19:17","slug":"nouveau-depart","status":"publish","type":"post","link":"https:\/\/www.avocat-bouria.com\/fr\/2025\/01\/10\/nouveau-depart\/","title":{"rendered":"Nouveau D\u00e9part ?"},"content":{"rendered":"\n<figure class=\"wp-block-pullquote\"><blockquote><p>\u00ab\u00a0<em>Le droit \u00e9volue tellement vite qu\u2019il me semble n\u00e9cessaire de continuer&#8230;\u00a0\u00bb<\/em><\/p><cite>Nadia Bouria <\/cite><\/blockquote><\/figure>\n\n\n\n<iframe loading=\"lazy\" title=\"Embed Player\" width=\"100%\" height=\"188px\" src=\"https:\/\/embed.acast.com\/61e92893b12eb70013d3a6e4\/67803d7e60db7f66da3f5b5a\" scrolling=\"no\" frameBorder=\"0\" style=\"border:none;overflow:hidden;\"><\/iframe>\n\n\n\n<p><\/p>\n\n\n\n<p>Dans cet \u00e9pisode de <em>La Justice et Moi<\/em>, je partage avec vous mes r\u00e9flexions et d\u00e9cisions prises pour cette nouvelle ann\u00e9e. \u2728<\/p>\n\n\n\n<p>Apr\u00e8s une p\u00e9riode de grande fatigue et un bilan sur mes priorit\u00e9s, j\u2019ai d\u00e9cid\u00e9 d\u2019adopter un rythme plus \u00e9quilibr\u00e9 pour le podcast : d\u00e9sormais, vous retrouverez un nouvel \u00e9pisode <strong>toutes les deux semaines<\/strong>.<\/p>\n\n\n\n<p>Je vous explique pourquoi ce choix \u00e9tait n\u00e9cessaire, les coulisses de l\u2019organisation du podcast, et ce que vous pouvez continuer \u00e0 attendre : des \u00e9pisodes solo sur des th\u00e9matiques juridiques, des entretiens enrichissants avec des professionnels du droit, et bien s\u00fbr, des moments \u00ab\u00a0bla bla\u00a0\u00bb pour discuter \u00e0 c\u0153ur ouvert.<\/p>\n\n\n\n<p>Merci pour votre soutien et votre fid\u00e9lit\u00e9. Ensemble, continuons \u00e0 rendre le droit accessible et \u00e0 faire \u00e9voluer les \u00e9changes autour de la justice.<\/p>\n\n\n\n<p><strong>Bonne \u00e9coute et \u00e0 dans deux semaines ! <\/strong><strong>\ud83c\udfa7<\/strong><\/p>\n\n\n\n<p><\/p>\n","protected":false},"excerpt":{"rendered":"<p>\u00ab\u00a0Le droit \u00e9volue tellement vite qu\u2019il me semble n\u00e9cessaire de continuer&#8230;\u00a0\u00bb Nadia Bouria Dans cet \u00e9pisode de La Justice et Moi, &#8230;<\/p>\n","protected":false},"author":2,"featured_media":0,"comment_status":"closed","ping_status":"closed","sticky":false,"template":"","format":"standard","meta":{"footnotes":""},"categories":[153,24,138],"tags":[],"class_list":["post-3478","post","type-post","status-publish","format-standard","hentry","category-episode-103","category-podcast","category-saison-05-podcast"],"_links":{"self":[{"href":"https:\/\/www.avocat-bouria.com\/fr\/wp-json\/wp\/v2\/posts\/3478","targetHints":{"allow":["GET"]}}],"collection":[{"href":"https:\/\/www.avocat-bouria.com\/fr\/wp-json\/wp\/v2\/posts"}],"about":[{"href":"https:\/\/www.avocat-bouria.com\/fr\/wp-json\/wp\/v2\/types\/post"}],"author":[{"embeddable":true,"href":"https:\/\/www.avocat-bouria.com\/fr\/wp-json\/wp\/v2\/users\/2"}],"replies":[{"embeddable":true,"href":"https:\/\/www.avocat-bouria.com\/fr\/wp-json\/wp\/v2\/comments?post=3478"}],"version-history":[{"count":1,"href":"https:\/\/www.avocat-bouria.com\/fr\/wp-json\/wp\/v2\/posts\/3478\/revisions"}],"predecessor-version":[{"id":3479,"href":"https:\/\/www.avocat-bouria.com\/fr\/wp-json\/wp\/v2\/posts\/3478\/revisions\/3479"}],"wp:attachment":[{"href":"https:\/\/www.avocat-bouria.com\/fr\/wp-json\/wp\/v2\/media?parent=3478"}],"wp:term":[{"taxonomy":"category","embeddable":true,"href":"https:\/\/www.avocat-bouria.com\/fr\/wp-json\/wp\/v2\/categories?post=3478"},{"taxonomy":"post_tag","embeddable":true,"href":"https:\/\/www.avocat-bouria.com\/fr\/wp-json\/wp\/v2\/tags?post=3478"}],"curies":[{"name":"wp","href":"https:\/\/api.w.org\/{rel}","templated":true}]}}