{"id":3807,"date":"2026-03-13T07:54:55","date_gmt":"2026-03-13T06:54:55","guid":{"rendered":"https:\/\/www.avocat-bouria.com\/fr\/?p=3807"},"modified":"2026-03-13T07:54:56","modified_gmt":"2026-03-13T06:54:56","slug":"128-violences-conjugales-comment-le-divico-detecte-les-situations-a-risque","status":"publish","type":"post","link":"https:\/\/www.avocat-bouria.com\/fr\/2026\/03\/13\/128-violences-conjugales-comment-le-divico-detecte-les-situations-a-risque\/","title":{"rendered":"# 128 &#8211; Violences conjugales : comment le DIViCo d\u00e9tecte les situations \u00e0 risque"},"content":{"rendered":"\n<figure class=\"wp-block-pullquote\"><blockquote><p>\u00ab\u00a0<em>Si tu ne m&rsquo;appartiens pas, tu n&rsquo;appartiens \u00e0 personne d&rsquo;autre\u00a0\u00bb <\/em><\/p><cite>Joelle Tetart, coordinatrice du DIViCo \u00e0 Li\u00e8ge<\/cite><\/blockquote><\/figure>\n\n\n\n<iframe loading=\"lazy\" title=\"Embed Player\" width=\"100%\" height=\"188px\" src=\"https:\/\/embed.acast.com\/61e92893b12eb70013d3a6e4\/69b320cb25f345603a2cb3c3\" scrolling=\"no\" frameBorder=\"0\" style=\"border:none;overflow:hidden;\"><\/iframe>\n\n\n\n<p>Au d\u00e9but, tout va tr\u00e8s vite.<\/p>\n\n\n\n<p>Fran\u00e7ois couvre Muriel d\u2019attention : messages constants, compliments, cadeaux, d\u00e9clarations d\u2019amour. Il lui dit qu\u2019elle est la femme de sa vie. Leur relation avance \u00e0 un rythme effr\u00e9n\u00e9.<\/p>\n\n\n\n<p>Ce moment intense devient ce que l\u2019on appelle parfois le mythe fondateur du couple.<br>Mais dans certaines relations, ce d\u00e9but fusionnel &#8211; le love bombing &#8211; peut \u00eatre la premi\u00e8re \u00e9tape d\u2019un processus de domination.<\/p>\n\n\n\n<p>Peu \u00e0 peu, la relation change. Les reproches apparaissent. Les critiques. Les tentatives d\u2019isolement. Muriel doute, s\u2019adapte, tente d\u2019\u00e9viter les conflits.<\/p>\n\n\n\n<p>Ce qui s\u2019installe progressivement porte un nom : le contr\u00f4le coercitif.<\/p>\n\n\n\n<p>Il ne s\u2019agit pas d\u2019un \u00e9pisode de violence isol\u00e9, mais d\u2019une accumulation de comportements visant \u00e0 instaurer la peur, la confusion, la d\u00e9valorisation et une d\u00e9pendance psychologique.<\/p>\n\n\n\n<p>Muriel finit par se s\u00e9parer.<\/p>\n\n\n\n<p>Mais la s\u00e9paration ne met pas fin aux violences.<br>Les messages se multiplient. Les insultes, les menaces, le harc\u00e8lement. La situation devient critique et Fran\u00e7ois adopte des comportements \u00e0 risque.<\/p>\n\n\n\n<p>Le psychiatre qui le suit alerte alors le DIViCo, le dispositif interdisciplinaire de lutte contre les violences dans le couple \u00e0 Li\u00e8ge. Une analyse de la situation est men\u00e9e afin d\u2019\u00e9valuer le risque de passage \u00e0 l\u2019acte irr\u00e9versible et de mettre en place un plan d\u2019action.<\/p>\n\n\n\n<p>Car certaines p\u00e9riodes sont particuli\u00e8rement dangereuses dans les violences conjugales :<br>la grossesse, la naissance d\u2019un enfant, une perte d\u2019emploi, un d\u00e9c\u00e8s\u2026 mais surtout la s\u00e9paration, le d\u00e9p\u00f4t de plainte ou une convocation \u00e0 la police.<\/p>\n\n\n\n<p>Dans cet \u00e9pisode de \u00ab&nbsp;<em>La Justice et Moi&nbsp;\u00bb<\/em>, je re\u00e7ois deux acteurs de terrain :<\/p>\n\n\n\n<p>\u2022 Jean-Louis Simoens, directeur de l\u2019ASBL <em>P\u00f4le de Ressources sp\u00e9cialis\u00e9es en violences conjugales et intrafamiliales<\/em><br>\u2022 Jo\u00eblle Tetart, coordinatrice du DIViCo \u00e0 Li\u00e8ge, un dispositif interdisciplinaire qui intervient dans les situations critiques pr\u00e9sentant un risque de f\u00e9minicide, d\u2019infanticide ou de suicide.<\/p>\n\n\n\n<p>Avec eux, nous abordons :<\/p>\n\n\n\n<p>\u2014 le processus de domination conjugale<br>\u2014 les m\u00e9canismes du contr\u00f4le coercitif<br>\u2014 les signaux d\u2019alerte que les victimes ne peuvent pas toujours identifier<br>\u2014 les moments o\u00f9 la violence peut exploser<br>\u2014 le r\u00f4le du r\u00e9seau de professionnels pour d\u00e9tecter et pr\u00e9venir les risques<br>\u2014 et les dispositifs mis en place pour prot\u00e9ger les victimes et pr\u00e9venir l\u2019irr\u00e9parable.<\/p>\n\n\n\n<p>Un \u00e9pisode pour comprendre comment la violence s\u2019installe dans un couple\u2026 et comment les professionnels tentent d\u2019intervenir avant qu\u2019il ne soit trop tard.<\/p>\n\n\n\n<p>Notes&nbsp;:<\/p>\n\n\n\n<p>\ud83d\udcde Si vous \u00eates confront\u00e9\u00b7e \u00e0 des violences dans votre couple, ou si vous vous inqui\u00e9tez pour un proche, vous n\u2019\u00eates pas seul\u00b7e.<\/p>\n\n\n\n<p>Des professionnels peuvent vous \u00e9couter et vous orienter en toute confidentialit\u00e9 :<\/p>\n\n\n\n<p>\ud83c\udde7\ud83c\uddea <strong>Belgique<\/strong> : 0800 30 030 \u2013 \u00c9coute Violences Conjugales<br>\ud83c\uddeb\ud83c\uddf7 <strong>France<\/strong> : 3919 \u2013 Violences Femmes Info<br>\ud83c\udde8\ud83c\udded <strong>Suisse<\/strong> : 0840 110 110 \u2013 Violence Que Faire<\/p>\n\n\n\n<p>Ces lignes d\u2019\u00e9coute sont gratuites et anonymes. Des professionnels form\u00e9s peuvent vous \u00e9couter, vous informer et vous aider \u00e0 trouver des solutions adapt\u00e9es \u00e0 votre situation.<\/p>\n\n\n\n<p>Sur le love bombing, \u00e9couter l\u2019\u00e9pisode suivante \u00ab&nbsp;suis-je sous emprise&nbsp;?&nbsp;\u00bb&nbsp;:<\/p>\n\n\n\n<figure class=\"wp-block-embed is-type-wp-embed is-provider-acast wp-block-embed-acast\"><div class=\"wp-block-embed__wrapper\">\n<iframe loading=\"lazy\" class=\"wp-embedded-content\" sandbox=\"allow-scripts\" security=\"restricted\" title=\"#63- Suis-je sous emprise ?\" src=\"https:\/\/embed.acast.com\/$\/61e92893b12eb70013d3a6e4\/6568f85d1cf19600132fc14f?#?secret=JiV1UD35MH\" data-secret=\"JiV1UD35MH\" frameBorder=\"0\" width=\"700\" height=\"250\"><\/iframe>\n<\/div><\/figure>\n\n\n\n<p>site du DIVICo&nbsp;: https:\/\/www.divico.org\/<\/p>\n\n\n\n<p>outil EVIVICO&nbsp;: <a href=\"https:\/\/polederessources.be\/outils\/evivico\/\">https:\/\/polederessources.be\/outils\/evivico\/<\/a><\/p>\n","protected":false},"excerpt":{"rendered":"<p>\u00ab\u00a0Si tu ne m&rsquo;appartiens pas, tu n&rsquo;appartiens \u00e0 personne d&rsquo;autre\u00a0\u00bb Joelle Tetart, coordinatrice du DIViCo \u00e0 Li\u00e8ge Au d\u00e9but, tout va &#8230;<\/p>\n","protected":false},"author":2,"featured_media":0,"comment_status":"closed","ping_status":"closed","sticky":false,"template":"","format":"standard","meta":{"footnotes":""},"categories":[176,24,164],"tags":[],"class_list":["post-3807","post","type-post","status-publish","format-standard","hentry","category-episode-128","category-podcast","category-saison-06"],"_links":{"self":[{"href":"https:\/\/www.avocat-bouria.com\/fr\/wp-json\/wp\/v2\/posts\/3807","targetHints":{"allow":["GET"]}}],"collection":[{"href":"https:\/\/www.avocat-bouria.com\/fr\/wp-json\/wp\/v2\/posts"}],"about":[{"href":"https:\/\/www.avocat-bouria.com\/fr\/wp-json\/wp\/v2\/types\/post"}],"author":[{"embeddable":true,"href":"https:\/\/www.avocat-bouria.com\/fr\/wp-json\/wp\/v2\/users\/2"}],"replies":[{"embeddable":true,"href":"https:\/\/www.avocat-bouria.com\/fr\/wp-json\/wp\/v2\/comments?post=3807"}],"version-history":[{"count":1,"href":"https:\/\/www.avocat-bouria.com\/fr\/wp-json\/wp\/v2\/posts\/3807\/revisions"}],"predecessor-version":[{"id":3808,"href":"https:\/\/www.avocat-bouria.com\/fr\/wp-json\/wp\/v2\/posts\/3807\/revisions\/3808"}],"wp:attachment":[{"href":"https:\/\/www.avocat-bouria.com\/fr\/wp-json\/wp\/v2\/media?parent=3807"}],"wp:term":[{"taxonomy":"category","embeddable":true,"href":"https:\/\/www.avocat-bouria.com\/fr\/wp-json\/wp\/v2\/categories?post=3807"},{"taxonomy":"post_tag","embeddable":true,"href":"https:\/\/www.avocat-bouria.com\/fr\/wp-json\/wp\/v2\/tags?post=3807"}],"curies":[{"name":"wp","href":"https:\/\/api.w.org\/{rel}","templated":true}]}}