{"id":2922,"date":"2022-10-08T09:06:54","date_gmt":"2022-10-08T07:06:54","guid":{"rendered":"https:\/\/www.avocat-bouria.com\/fr\/?p=2922"},"modified":"2022-10-08T09:06:54","modified_gmt":"2022-10-08T07:06:54","slug":"comment-preserver-ses-enfants-lors-dune-separation","status":"publish","type":"post","link":"https:\/\/www.avocat-bouria.com\/nl\/2022\/10\/08\/comment-preserver-ses-enfants-lors-dune-separation\/","title":{"rendered":"Comment pr\u00e9server ses enfants lors d&#8217;une s\u00e9paration ?"},"content":{"rendered":"\n<figure class=\"wp-block-pullquote\"><blockquote><p>On ne va pas se bagarrer en s\u00e9parant le temps de l\u2019enfant comme on partage un g\u00e2teau\u00a0!<\/p><cite>Bruno humbeeck<\/cite><\/blockquote><\/figure>\n\n\n\n<iframe loading=\"lazy\" src=\"https:\/\/embed.acast.com\/61e92893b12eb70013d3a6e4\/633f2af656bee10012e81c35\" frameBorder=\"0\" width=\"100%\" height=\"190px\"><\/iframe>\n\n\n\n<p>Comment pr\u00e9server ses enfants lors d\u2019une s\u00e9paration&nbsp;?<\/p>\n\n\n\n<p>C\u2019est la question \u00e0 laquelle mon invit\u00e9,&nbsp;<a href=\"https:\/\/www.linkedin.com\/in\/ACoAAAZtkhMBjCUxIku1DSnVs5GAZYCEZ1sqKew\">Bruno Humbeeck<\/a>&nbsp;r\u00e9pond de fa\u00e7on \u00e0 la fois simple et pragmatique.<\/p>\n\n\n\n<p>Bruno est psychop\u00e9dagogue et chercheur en socio p\u00e9dagogie familiale et scolaire.<br>Il est aussi sp\u00e9cialiste de la r\u00e9silience et des situation de rupture.<\/p>\n\n\n\n<p>La plupart des parents font de leur mieux dit-il mais ils oublient parfois que la s\u00e9paration, pour un enfant, c\u2019est la fin de l\u2019histoire qui r\u00e9unissait ses parents, et ce peut \u00eatre la fin du monde\u2026<\/p>\n\n\n\n<p>Alors quand la s\u00e9paration se produit, on leur fiche la paix, on \u00e9vite de les impliquer dans des histoires d\u2019adultes et surtout il faut \u00eatre attentif \u00e0 ce que Bruno qualifie \u00ab&nbsp;d\u2019auto-ali\u00e9nation&nbsp;\u00bb, &#8230;<\/p>\n\n\n\n<p>Bonne \u00e9coute&nbsp;!<\/p>\n","protected":false},"excerpt":{"rendered":"<p>On ne va pas se bagarrer en s\u00e9parant le temps de l\u2019enfant comme on partage un g\u00e2teau\u00a0! Bruno humbeeck Comment pr\u00e9server &#8230;<\/p>\n","protected":false},"author":2,"featured_media":0,"comment_status":"open","ping_status":"open","sticky":false,"template":"","format":"standard","meta":{"footnotes":""},"categories":[52,24,46],"tags":[],"class_list":["post-2922","post","type-post","status-publish","format-standard","hentry","category-episode-6-saison-03","category-podcast","category-saison-03"],"_links":{"self":[{"href":"https:\/\/www.avocat-bouria.com\/nl\/wp-json\/wp\/v2\/posts\/2922","targetHints":{"allow":["GET"]}}],"collection":[{"href":"https:\/\/www.avocat-bouria.com\/nl\/wp-json\/wp\/v2\/posts"}],"about":[{"href":"https:\/\/www.avocat-bouria.com\/nl\/wp-json\/wp\/v2\/types\/post"}],"author":[{"embeddable":true,"href":"https:\/\/www.avocat-bouria.com\/nl\/wp-json\/wp\/v2\/users\/2"}],"replies":[{"embeddable":true,"href":"https:\/\/www.avocat-bouria.com\/nl\/wp-json\/wp\/v2\/comments?post=2922"}],"version-history":[{"count":1,"href":"https:\/\/www.avocat-bouria.com\/nl\/wp-json\/wp\/v2\/posts\/2922\/revisions"}],"predecessor-version":[{"id":2923,"href":"https:\/\/www.avocat-bouria.com\/nl\/wp-json\/wp\/v2\/posts\/2922\/revisions\/2923"}],"wp:attachment":[{"href":"https:\/\/www.avocat-bouria.com\/nl\/wp-json\/wp\/v2\/media?parent=2922"}],"wp:term":[{"taxonomy":"category","embeddable":true,"href":"https:\/\/www.avocat-bouria.com\/nl\/wp-json\/wp\/v2\/categories?post=2922"},{"taxonomy":"post_tag","embeddable":true,"href":"https:\/\/www.avocat-bouria.com\/nl\/wp-json\/wp\/v2\/tags?post=2922"}],"curies":[{"name":"wp","href":"https:\/\/api.w.org\/{rel}","templated":true}]}}