{"id":2937,"date":"2022-10-28T08:02:34","date_gmt":"2022-10-28T06:02:34","guid":{"rendered":"https:\/\/www.avocat-bouria.com\/fr\/?p=2937"},"modified":"2022-10-28T12:06:07","modified_gmt":"2022-10-28T10:06:07","slug":"entre-avocate-autrement-une-approche-globale-et-pluridisciplinaire","status":"publish","type":"post","link":"https:\/\/www.avocat-bouria.com\/nl\/2022\/10\/28\/entre-avocate-autrement-une-approche-globale-et-pluridisciplinaire\/","title":{"rendered":"Etre avocate autrement: une approche globale et pluridisciplinaire"},"content":{"rendered":"\n<figure class=\"wp-block-pullquote\"><blockquote><p><em>On envisage<\/em> <em>le m\u00e9tier d\u2019avocat en sortant de la logique de rentabilit\u00e9 des cabinets d\u2019avocats classiques<\/em>&nbsp; <\/p><cite>Margarita hernandez-dispaux<\/cite><\/blockquote><\/figure>\n\n\n\n<iframe loading=\"lazy\" src=\"https:\/\/embed.acast.com\/61e92893b12eb70013d3a6e4\/635afd6857d0780011050438\" frameBorder=\"0\" width=\"100%\" height=\"190px\"><\/iframe>\n\n\n\n<p>Dans l\u2019\u00e9pisode d\u2019aujourd\u2019hui de \u00ab&nbsp;la\nJustice et moi&nbsp;\u00bb, je vous propose d\u2019\u00e9couter le parcours inspirant de Margarita\nHernandez-Dispaux, avocate au Barreau de Bruxelles et entrepreneure sociale.<\/p>\n\n\n\n<p>Margarita s\u2019est rendue compte que sa fa\u00e7on de\ntravailler ne lui permettait pas de r\u00e9pondre aux besoins de ses clients\nfragilis\u00e9s par un divorce ou une situation administrative probl\u00e9matique.<\/p>\n\n\n\n<p>Pas question pour elle de r\u00e9pondre uniquement\n\u00e0 leurs probl\u00e9matiques juridiques.<\/p>\n\n\n\n<p>Elle veut aller plus loin&nbsp;: aider une femme battue \u00e0 trouver un h\u00e9bergement d\u2019urgence, assister administrativement un sans papier ou psychologiquement une m\u00e8re qui perd pied en raison d\u2019un divorce difficile&#8230; <\/p>\n\n\n\n<p>Avec trois autres associ\u00e9es et amies, elles\ncr\u00e9ent \u00ab&nbsp;Casa Legal&nbsp;\u00bb, un cabinet unique qui propose cet\naccompagnement global et pluridisciplinaire.<\/p>\n\n\n\n<p>Aux c\u00f4t\u00e9s des quatre avocates aux sp\u00e9cialit\u00e9s compl\u00e9mentaires se sont en effet greff\u00e9es deux assistantes sociales externes et une intervenante psycho-sociale.<\/p>\n\n\n\n<p>Et \u00e7a marche et elles esp\u00e8rent que leur mod\u00e8le\nfera des \u00e9mules.<\/p>\n\n\n\n<p>Bonne \u00e9coute&nbsp;!<\/p>\n","protected":false},"excerpt":{"rendered":"<p>On envisage le m\u00e9tier d\u2019avocat en sortant de la logique de rentabilit\u00e9 des cabinets d\u2019avocats classiques&nbsp; Margarita hernandez-dispaux Dans l\u2019\u00e9pisode d\u2019aujourd\u2019hui &#8230;<\/p>\n","protected":false},"author":2,"featured_media":0,"comment_status":"open","ping_status":"open","sticky":false,"template":"","format":"standard","meta":{"footnotes":""},"categories":[55,24,46],"tags":[],"class_list":["post-2937","post","type-post","status-publish","format-standard","hentry","category-episode-9-saison-03","category-podcast","category-saison-03"],"_links":{"self":[{"href":"https:\/\/www.avocat-bouria.com\/nl\/wp-json\/wp\/v2\/posts\/2937","targetHints":{"allow":["GET"]}}],"collection":[{"href":"https:\/\/www.avocat-bouria.com\/nl\/wp-json\/wp\/v2\/posts"}],"about":[{"href":"https:\/\/www.avocat-bouria.com\/nl\/wp-json\/wp\/v2\/types\/post"}],"author":[{"embeddable":true,"href":"https:\/\/www.avocat-bouria.com\/nl\/wp-json\/wp\/v2\/users\/2"}],"replies":[{"embeddable":true,"href":"https:\/\/www.avocat-bouria.com\/nl\/wp-json\/wp\/v2\/comments?post=2937"}],"version-history":[{"count":5,"href":"https:\/\/www.avocat-bouria.com\/nl\/wp-json\/wp\/v2\/posts\/2937\/revisions"}],"predecessor-version":[{"id":2948,"href":"https:\/\/www.avocat-bouria.com\/nl\/wp-json\/wp\/v2\/posts\/2937\/revisions\/2948"}],"wp:attachment":[{"href":"https:\/\/www.avocat-bouria.com\/nl\/wp-json\/wp\/v2\/media?parent=2937"}],"wp:term":[{"taxonomy":"category","embeddable":true,"href":"https:\/\/www.avocat-bouria.com\/nl\/wp-json\/wp\/v2\/categories?post=2937"},{"taxonomy":"post_tag","embeddable":true,"href":"https:\/\/www.avocat-bouria.com\/nl\/wp-json\/wp\/v2\/tags?post=2937"}],"curies":[{"name":"wp","href":"https:\/\/api.w.org\/{rel}","templated":true}]}}