{"id":3117,"date":"2023-05-19T07:16:48","date_gmt":"2023-05-19T05:16:48","guid":{"rendered":"https:\/\/www.avocat-bouria.com\/fr\/?p=3117"},"modified":"2023-05-19T07:17:39","modified_gmt":"2023-05-19T05:17:39","slug":"3117","status":"publish","type":"post","link":"https:\/\/www.avocat-bouria.com\/nl\/2023\/05\/19\/3117\/","title":{"rendered":"Quel est le r\u00f4le du Parquet de police ?"},"content":{"rendered":"\n<figure class=\"wp-block-pullquote\"><blockquote><p>\u00ab Le substitut peut faire preuve d\u2019empathie, m\u00eame si notre r\u00f4le premier est de requ\u00e9rir une peine \u00bb<\/p><cite>Samuel Levatino<\/cite><\/blockquote><\/figure>\n\n\n\n<iframe loading=\"lazy\" title=\"Embed Player\" width=\"100%\" height=\"188px\" src=\"https:\/\/embed.acast.com\/61e92893b12eb70013d3a6e4\/64664c028c9c6a001145bd20\" scrolling=\"no\" frameBorder=\"0\" style=\"border:none;overflow:hidden;\"><\/iframe>\n\n\n\n<p><\/p>\n\n\n\n<p>Fran\u00e7ois est arr\u00eat\u00e9 par la police dans la\nville de Huy, il roulait trop vite et surtout il a repris le volant apr\u00e8s une\nsoir\u00e9e tr\u00e8s arros\u00e9e&nbsp;!<\/p>\n\n\n\n<p>Il est bien s\u00fbr verbalis\u00e9 par les agents qui\nprennent contact avec le Parquet de police qui d\u00e9cide d\u2019un retrait de permis\nimm\u00e9diat.<\/p>\n\n\n\n<p>Fran\u00e7ois rentre chez lui \u00e0 pied\u2026<\/p>\n\n\n\n<ul class=\"wp-block-list\"><li>Que se passe-t-il ensuite&nbsp;?<\/li><\/ul>\n\n\n\n<ul class=\"wp-block-list\"><li>Quand Fran\u00e7ois recevra-t-il le PV&nbsp;?<\/li><\/ul>\n\n\n\n<ul class=\"wp-block-list\"><li>Sera-t-il convoqu\u00e9 au Tribunal de police ou peut-il \u00e9chapper \u00e0 une sanction&nbsp;?<\/li><\/ul>\n\n\n\n<ul class=\"wp-block-list\"><li>Est-il oblig\u00e9 de se rendre \u00e0 l\u2019audience&nbsp;?<\/li><\/ul>\n\n\n\n<ul class=\"wp-block-list\"><li>Et quel type de sanction risque-t-il&nbsp;?<\/li><\/ul>\n\n\n\n<p>Dans ce nouvel \u00e9pisode du podcast \u00ab&nbsp;La justice et Moi&nbsp;\u00bb, je vous propose d\u2019\u00e9couter ma conversation avec Samuel Levatino, substitut du Procureur du Roi au parquet de police de Li\u00e8ge-Huy-Verviers.<\/p>\n\n\n\n<p>Ensemble nous avons explor\u00e9 le travail du Parquet\nde police, le r\u00f4le du substitut lors de l\u2019audience, ainsi que les peines et\nmesures qu\u2019il peut requ\u00e9rir \u00e0 l\u2019audience.<\/p>\n\n\n\n<p>C\u2019est une nouvelle fois un \u00e9pisode tr\u00e8s riche \u00e0 \u00e9couter absolument&nbsp;!<\/p>\n\n\n\n<p>Bonne \u00e9coute !<\/p>\n","protected":false},"excerpt":{"rendered":"<p>\u00ab Le substitut peut faire preuve d\u2019empathie, m\u00eame si notre r\u00f4le premier est de requ\u00e9rir une peine \u00bb Samuel Levatino Fran\u00e7ois &#8230;<\/p>\n","protected":false},"author":2,"featured_media":0,"comment_status":"closed","ping_status":"closed","sticky":false,"template":"","format":"standard","meta":{"footnotes":""},"categories":[24,46],"tags":[],"class_list":["post-3117","post","type-post","status-publish","format-standard","hentry","category-podcast","category-saison-03"],"_links":{"self":[{"href":"https:\/\/www.avocat-bouria.com\/nl\/wp-json\/wp\/v2\/posts\/3117","targetHints":{"allow":["GET"]}}],"collection":[{"href":"https:\/\/www.avocat-bouria.com\/nl\/wp-json\/wp\/v2\/posts"}],"about":[{"href":"https:\/\/www.avocat-bouria.com\/nl\/wp-json\/wp\/v2\/types\/post"}],"author":[{"embeddable":true,"href":"https:\/\/www.avocat-bouria.com\/nl\/wp-json\/wp\/v2\/users\/2"}],"replies":[{"embeddable":true,"href":"https:\/\/www.avocat-bouria.com\/nl\/wp-json\/wp\/v2\/comments?post=3117"}],"version-history":[{"count":2,"href":"https:\/\/www.avocat-bouria.com\/nl\/wp-json\/wp\/v2\/posts\/3117\/revisions"}],"predecessor-version":[{"id":3119,"href":"https:\/\/www.avocat-bouria.com\/nl\/wp-json\/wp\/v2\/posts\/3117\/revisions\/3119"}],"wp:attachment":[{"href":"https:\/\/www.avocat-bouria.com\/nl\/wp-json\/wp\/v2\/media?parent=3117"}],"wp:term":[{"taxonomy":"category","embeddable":true,"href":"https:\/\/www.avocat-bouria.com\/nl\/wp-json\/wp\/v2\/categories?post=3117"},{"taxonomy":"post_tag","embeddable":true,"href":"https:\/\/www.avocat-bouria.com\/nl\/wp-json\/wp\/v2\/tags?post=3117"}],"curies":[{"name":"wp","href":"https:\/\/api.w.org\/{rel}","templated":true}]}}