{"id":3262,"date":"2024-02-09T07:22:50","date_gmt":"2024-02-09T06:22:50","guid":{"rendered":"https:\/\/www.avocat-bouria.com\/fr\/?p=3262"},"modified":"2024-02-16T07:19:20","modified_gmt":"2024-02-16T06:19:20","slug":"quels-sont-les-defis-du-president-du-tpi-du-brabant-wallon","status":"publish","type":"post","link":"https:\/\/www.avocat-bouria.com\/nl\/2024\/02\/09\/quels-sont-les-defis-du-president-du-tpi-du-brabant-wallon\/","title":{"rendered":"Quels sont les d\u00e9fis du Pr\u00e9sident du TPI du Brabant wallon ?"},"content":{"rendered":"\n<figure class=\"wp-block-pullquote\"><blockquote><p><strong><em>\u00ab\u00a0Je suis la pr\u00e9sidente qui a fait exploser les d\u00e9lais de fixation du Tribunal <\/em><\/strong>\u00bb<\/p><cite>Sophie Sterck<\/cite><\/blockquote><\/figure>\n\n\n\n<iframe loading=\"lazy\" title=\"Embed Player\" width=\"100%\" height=\"188px\" src=\"https:\/\/embed.acast.com\/61e92893b12eb70013d3a6e4\/65c534dc1d03750017de7c07\" scrolling=\"no\" frameBorder=\"0\" style=\"border:none;overflow:hidden;\"><\/iframe>\n\n\n\n<p><\/p>\n\n\n\n<p>Lors de sa prise de fonction en 2017, Sophie Sterck, la Pr\u00e9sidente du Tribunal de premi\u00e8re instance du Brabant wallon, est confront\u00e9e au manque de personnels.<\/p>\n\n\n\n<p>Elle n\u2019h\u00e9site pas \u00e0 suspendre des audiences pour \u00ab&nbsp;<em>pr\u00e9server la sant\u00e9 mentale et physique de mes juges<\/em>&nbsp;\u00ab&nbsp; dit-elle.<\/p>\n\n\n\n<p>Dans ce nouvel \u00e9pisode du podcast, Sophie nous parle avec franchise des d\u00e9fis qu\u2019elle doit relever comme le manque criant de moyens qui est toujours d\u2019actualit\u00e9.<\/p>\n\n\n\n<p>Elle est confront\u00e9e actuellement \u00e0 un greffe civil amput\u00e9 de 50% de ses effectifs.<\/p>\n\n\n\n<p>Optimiste, elle partage aussi les avanc\u00e9es comme la cr\u00e9ation de la chambre de conciliation civile, la digitalisation de tous les dossiers, ou le projet d\u2019extension du palais de justice, \u2026<\/p>\n\n\n\n<p>Il y a aussi des victoires qui n\u2019ont l\u2019air de rien mais qui changent la vie comme l\u2019arriv\u00e9e des terminaux de paiement au greffe\u2026<\/p>\n\n\n\n<p>C\u2019est le deuxi\u00e8me mandat pour cette magistrate tr\u00e8s attach\u00e9e \u00e0 sa juridiction et qui continue aussi de si\u00e9ger tous les quinze jours pour rester en prise avec les r\u00e9alit\u00e9s du terrain.<\/p>\n\n\n\n<p>C\u2019est un \u00e9change \u00e0 \u00e9couter absolument pour mieux comprendre le job de chef de corps.<\/p>\n\n\n\n<p>Je vous souhaite une bonne \u00e9coute&nbsp;!<\/p>\n","protected":false},"excerpt":{"rendered":"<p>\u00ab\u00a0Je suis la pr\u00e9sidente qui a fait exploser les d\u00e9lais de fixation du Tribunal \u00bb Sophie Sterck Lors de sa prise &#8230;<\/p>\n","protected":false},"author":2,"featured_media":0,"comment_status":"closed","ping_status":"closed","sticky":false,"template":"","format":"standard","meta":{"footnotes":""},"categories":[116,24,95],"tags":[],"class_list":["post-3262","post","type-post","status-publish","format-standard","hentry","category-episode-71","category-podcast","category-saison-04"],"_links":{"self":[{"href":"https:\/\/www.avocat-bouria.com\/nl\/wp-json\/wp\/v2\/posts\/3262","targetHints":{"allow":["GET"]}}],"collection":[{"href":"https:\/\/www.avocat-bouria.com\/nl\/wp-json\/wp\/v2\/posts"}],"about":[{"href":"https:\/\/www.avocat-bouria.com\/nl\/wp-json\/wp\/v2\/types\/post"}],"author":[{"embeddable":true,"href":"https:\/\/www.avocat-bouria.com\/nl\/wp-json\/wp\/v2\/users\/2"}],"replies":[{"embeddable":true,"href":"https:\/\/www.avocat-bouria.com\/nl\/wp-json\/wp\/v2\/comments?post=3262"}],"version-history":[{"count":1,"href":"https:\/\/www.avocat-bouria.com\/nl\/wp-json\/wp\/v2\/posts\/3262\/revisions"}],"predecessor-version":[{"id":3263,"href":"https:\/\/www.avocat-bouria.com\/nl\/wp-json\/wp\/v2\/posts\/3262\/revisions\/3263"}],"wp:attachment":[{"href":"https:\/\/www.avocat-bouria.com\/nl\/wp-json\/wp\/v2\/media?parent=3262"}],"wp:term":[{"taxonomy":"category","embeddable":true,"href":"https:\/\/www.avocat-bouria.com\/nl\/wp-json\/wp\/v2\/categories?post=3262"},{"taxonomy":"post_tag","embeddable":true,"href":"https:\/\/www.avocat-bouria.com\/nl\/wp-json\/wp\/v2\/tags?post=3262"}],"curies":[{"name":"wp","href":"https:\/\/api.w.org\/{rel}","templated":true}]}}