{"id":3473,"date":"2024-12-20T07:17:00","date_gmt":"2024-12-20T06:17:00","guid":{"rendered":"https:\/\/www.avocat-bouria.com\/fr\/?p=3473"},"modified":"2024-12-20T07:17:01","modified_gmt":"2024-12-20T06:17:01","slug":"bonnes-fetes","status":"publish","type":"post","link":"https:\/\/www.avocat-bouria.com\/nl\/2024\/12\/20\/bonnes-fetes\/","title":{"rendered":"Bonnes f\u00eates !"},"content":{"rendered":"\n<figure class=\"wp-block-pullquote\"><blockquote><p>&#8220;<em>Il faut savoir l\u00e2cher prise&#8221;<\/em><\/p><cite>Nadia Bouria <\/cite><\/blockquote><\/figure>\n\n\n\n<iframe loading=\"lazy\" title=\"Embed Player\" width=\"100%\" height=\"188px\" src=\"https:\/\/embed.acast.com\/61e92893b12eb70013d3a6e4\/6764a123621cdde43afd00dd\" scrolling=\"no\" frameBorder=\"0\" style=\"border:none;overflow:hidden;\"><\/iframe>\n\n\n\n<p><strong>Il est temps de dire stop ! <\/strong><\/p>\n\n\n\n<p>Publier un \u00e9pisode de mon podcast <em>\u00ab La Justice et moi \u00bb<\/em> chaque semaine est un vrai d\u00e9fi.<\/p>\n\n\n\n<p>Avec une organisation quasi militaire, je jongle entre ce projet passion et mon activit\u00e9 d\u2019avocate.<\/p>\n\n\n\n<p>Mais en cette fin d&#8217;ann\u00e9e, une p\u00e9riode toujours charg\u00e9e avec les audiences, les derni\u00e8res conclusions, et les courriers de derni\u00e8re minute, un grain de sable est venu enrayer la machine.<\/p>\n\n\n\n<p>Je devais enregistrer un \u00e9pisode solo sur une th\u00e9matique juridique avant de partir en vacances.<\/p>\n\n\n\n<p>Et je n\u2019ai pas eu le temps de le boucler avant mon d\u00e9part.<\/p>\n\n\n\n<p>Mon plan B ? Emporter mon micro pour finaliser l\u2019enregistrement sur place.<\/p>\n\n\n\n<p>Et l\u00e0, surprise\u2026 j\u2019ai oubli\u00e9 mon mat\u00e9riel.<\/p>\n\n\n\n<p>Pourquoi ? Parce que je suis fatigu\u00e9e. Tout simplement.<\/p>\n\n\n\n<p>Cette fatigue accumul\u00e9e m\u2019a rappel\u00e9 qu\u2019il faut parfois savoir l\u00e2cher prise. Alors, pour la premi\u00e8re fois, il n\u2019y aura pas d\u2019\u00e9pisode pendant les prochaines semaines.<\/p>\n\n\n\n<p>Je vous raconte tout dans un \u00e9pisode enregistr\u00e9\u2026 depuis mon t\u00e9l\u00e9phone. <\/p>\n\n\n\n<p>En attendant, je vous souhaite de tr\u00e8s belles f\u00eates de fin d\u2019ann\u00e9e !<\/p>\n\n\n\n<p>Prenez soin de vous et apprenez \u00e0 \u00e9couter vos limites.<\/p>\n","protected":false},"excerpt":{"rendered":"<p>&#8220;Il faut savoir l\u00e2cher prise&#8221; Nadia Bouria Il est temps de dire stop ! Publier un \u00e9pisode de mon podcast \u00ab &#8230;<\/p>\n","protected":false},"author":2,"featured_media":0,"comment_status":"closed","ping_status":"closed","sticky":false,"template":"","format":"standard","meta":{"footnotes":""},"categories":[152,24,138],"tags":[],"class_list":["post-3473","post","type-post","status-publish","format-standard","hentry","category-episode-102","category-podcast","category-saison-05-podcast"],"_links":{"self":[{"href":"https:\/\/www.avocat-bouria.com\/nl\/wp-json\/wp\/v2\/posts\/3473","targetHints":{"allow":["GET"]}}],"collection":[{"href":"https:\/\/www.avocat-bouria.com\/nl\/wp-json\/wp\/v2\/posts"}],"about":[{"href":"https:\/\/www.avocat-bouria.com\/nl\/wp-json\/wp\/v2\/types\/post"}],"author":[{"embeddable":true,"href":"https:\/\/www.avocat-bouria.com\/nl\/wp-json\/wp\/v2\/users\/2"}],"replies":[{"embeddable":true,"href":"https:\/\/www.avocat-bouria.com\/nl\/wp-json\/wp\/v2\/comments?post=3473"}],"version-history":[{"count":1,"href":"https:\/\/www.avocat-bouria.com\/nl\/wp-json\/wp\/v2\/posts\/3473\/revisions"}],"predecessor-version":[{"id":3474,"href":"https:\/\/www.avocat-bouria.com\/nl\/wp-json\/wp\/v2\/posts\/3473\/revisions\/3474"}],"wp:attachment":[{"href":"https:\/\/www.avocat-bouria.com\/nl\/wp-json\/wp\/v2\/media?parent=3473"}],"wp:term":[{"taxonomy":"category","embeddable":true,"href":"https:\/\/www.avocat-bouria.com\/nl\/wp-json\/wp\/v2\/categories?post=3473"},{"taxonomy":"post_tag","embeddable":true,"href":"https:\/\/www.avocat-bouria.com\/nl\/wp-json\/wp\/v2\/tags?post=3473"}],"curies":[{"name":"wp","href":"https:\/\/api.w.org\/{rel}","templated":true}]}}