{"id":3504,"date":"2025-03-21T07:38:10","date_gmt":"2025-03-21T06:38:10","guid":{"rendered":"https:\/\/www.avocat-bouria.com\/fr\/?p=3504"},"modified":"2025-03-21T07:38:10","modified_gmt":"2025-03-21T06:38:10","slug":"107-3-ans-ca-se-fete","status":"publish","type":"post","link":"https:\/\/www.avocat-bouria.com\/nl\/2025\/03\/21\/107-3-ans-ca-se-fete\/","title":{"rendered":"#107 &#8211; 3 ans, \u00e7a se f\u00eate !"},"content":{"rendered":"\n<figure class=\"wp-block-pullquote\"><blockquote><p>Merci, merci, merci!<\/p><cite>Nadia Bouria <\/cite><\/blockquote><\/figure>\n\n\n\n<iframe loading=\"lazy\" title=\"Embed Player\" width=\"100%\" height=\"188px\" src=\"https:\/\/embed.acast.com\/61e92893b12eb70013d3a6e4\/67ca2780ffae9c0f4e3153bd\" scrolling=\"no\" frameBorder=\"0\" style=\"border:none;overflow:hidden;\"><\/iframe>\n\n\n\n<p>J\u2019aurais voulu organiser une f\u00eate et rassembler tous les invit\u00e9s du podcasts et les auditeurs \u00e0 venir \u00e9changer et boire le verre de l\u2019amiti\u00e9.<\/p>\n\n\n\n<p>Je me suis malheureusement laiss\u00e9e d\u00e9bord\u00e9e et m\u2019y suis mis trop tard.<\/p>\n\n\n\n<p>A la place, j\u2019ai propos\u00e9 \u00e0 mon amie podcasteuse, Pamela Morini\u00e8re, l\u2019h\u00f4te de \u00ab\u00a0<em>Quelque chose \u00e0 vous dire<\/em>\u00a0\u00bb, le podcast des parents s\u00e9par\u00e9s (que je vous recommande chaudement ) de prendre le micro.<\/p>\n\n\n\n<p>Elle a pris ma place et m\u2019a pos\u00e9 des questions avec le ton chaleureux et pertinent que les fid\u00e8les de son podcast connaissait bien.<\/p>\n\n\n\n<p>L\u2019id\u00e9e est de vous livrer un peu plus de moi et des coulisses du podcast.<\/p>\n\n\n\n<p>C\u2019est un \u00e9pisode plus intimiste parce que 3 ans, \u00e7a se f\u00eate&nbsp;!<\/p>\n\n\n\n<p>Pour tout vous dire, je ne pensais pas devenir accroc et avoir envie de vous retrouver toutes les semaines, plus toutes les deux semaines.<\/p>\n\n\n\n<p>Alors longue vie \u00e0\u00a0\u00ab\u00a0<em>La justice et moi\u00a0<\/em>\u00bb et encore merci \u00e0 Pamela pour son amiti\u00e9 et merci \u00e0 mes invit\u00e9s. Sans vous, ce podcast serait vachement moins int\u00e9ressant.<\/p>\n\n\n\n<p>Bonne \u00e9coute !<\/p>\n","protected":false},"excerpt":{"rendered":"<p>Merci, merci, merci! Nadia Bouria J\u2019aurais voulu organiser une f\u00eate et rassembler tous les invit\u00e9s du podcasts et les auditeurs \u00e0 &#8230;<\/p>\n","protected":false},"author":2,"featured_media":0,"comment_status":"closed","ping_status":"closed","sticky":false,"template":"","format":"standard","meta":{"footnotes":""},"categories":[24,138],"tags":[],"class_list":["post-3504","post","type-post","status-publish","format-standard","hentry","category-podcast","category-saison-05-podcast"],"_links":{"self":[{"href":"https:\/\/www.avocat-bouria.com\/nl\/wp-json\/wp\/v2\/posts\/3504","targetHints":{"allow":["GET"]}}],"collection":[{"href":"https:\/\/www.avocat-bouria.com\/nl\/wp-json\/wp\/v2\/posts"}],"about":[{"href":"https:\/\/www.avocat-bouria.com\/nl\/wp-json\/wp\/v2\/types\/post"}],"author":[{"embeddable":true,"href":"https:\/\/www.avocat-bouria.com\/nl\/wp-json\/wp\/v2\/users\/2"}],"replies":[{"embeddable":true,"href":"https:\/\/www.avocat-bouria.com\/nl\/wp-json\/wp\/v2\/comments?post=3504"}],"version-history":[{"count":1,"href":"https:\/\/www.avocat-bouria.com\/nl\/wp-json\/wp\/v2\/posts\/3504\/revisions"}],"predecessor-version":[{"id":3505,"href":"https:\/\/www.avocat-bouria.com\/nl\/wp-json\/wp\/v2\/posts\/3504\/revisions\/3505"}],"wp:attachment":[{"href":"https:\/\/www.avocat-bouria.com\/nl\/wp-json\/wp\/v2\/media?parent=3504"}],"wp:term":[{"taxonomy":"category","embeddable":true,"href":"https:\/\/www.avocat-bouria.com\/nl\/wp-json\/wp\/v2\/categories?post=3504"},{"taxonomy":"post_tag","embeddable":true,"href":"https:\/\/www.avocat-bouria.com\/nl\/wp-json\/wp\/v2\/tags?post=3504"}],"curies":[{"name":"wp","href":"https:\/\/api.w.org\/{rel}","templated":true}]}}