{"id":3666,"date":"2025-06-13T07:53:32","date_gmt":"2025-06-13T05:53:32","guid":{"rendered":"https:\/\/www.avocat-bouria.com\/fr\/?p=3666"},"modified":"2025-06-13T07:53:32","modified_gmt":"2025-06-13T05:53:32","slug":"114-comment-effectuer-un-recours-scolaire-ou-disciplinaire","status":"publish","type":"post","link":"https:\/\/www.avocat-bouria.com\/nl\/2025\/06\/13\/114-comment-effectuer-un-recours-scolaire-ou-disciplinaire\/","title":{"rendered":"#114 &#8211; Comment effectuer un recours scolaire ou disciplinaire ?"},"content":{"rendered":"\n<figure class=\"wp-block-pullquote\"><blockquote><p>&#8220;<em>Le recours interne ne fonctionne quasi jamais mais il est obligatoire avant de pouvoir exercer son recours interne&#8221;<\/em><\/p><cite>Jancy Nounckele<\/cite><\/blockquote><\/figure>\n\n\n\n<iframe loading=\"lazy\" title=\"Embed Player\" width=\"100%\" height=\"188px\" src=\"https:\/\/embed.acast.com\/61e92893b12eb70013d3a6e4\/684ad73ded4130e243730a2b\" scrolling=\"no\" frameBorder=\"0\" style=\"border:none;overflow:hidden;\"><\/iframe>\n\n\n\n<p><a><\/a><a>&nbsp;<\/a>\u00ab <em>Malgr\u00e9 tes efforts, tu ne passes pas cette ann\u00e9e !<\/em> \u00bb<\/p>\n\n\n\n<p>Alban, 18 ans, est un \u00e9l\u00e8ve tr\u00e8s moyen.<\/p>\n\n\n\n<p>Il pr\u00e9f\u00e8re les sorties avec les copains et les parties de jeux vid\u00e9o aux longues s\u00e9ances d\u2019\u00e9tude.<\/p>\n\n\n\n<p>Il b\u00fbche, mais les r\u00e9sultats ne sont jamais \u00e0 la hauteur des efforts consentis. Il a n\u00e9anmoins toujours r\u00e9ussi \u00e0 passer en classe sup\u00e9rieure.<\/p>\n\n\n\n<p>Mais cette fois, cela ne passe pas.<\/p>\n\n\n\n<p>Le conseil de classe a d\u00e9cid\u00e9 qu\u2019il devait \u00ab redoubler \u00bb (il para\u00eet qu\u2019on n\u2019utilise plus cette formulation).<\/p>\n\n\n\n<p>Alban trouve la d\u00e9cision du conseil injuste et souhaite introduire un recours.<\/p>\n\n\n\n<p><strong>Comment s\u2019y prendre ?<\/strong><\/p>\n\n\n\n<p>Dans ce nouvel \u00e9pisode du podcast <em>La Justice et moi<\/em>, j\u2019ai tendu mon micro \u00e0 Jancy Nouckele, avocate au barreau de Bruxelles, sp\u00e9cialis\u00e9e dans les recours scolaires.<\/p>\n\n\n\n<p>Il existe deux types de recours : l\u2019un interne, \u00e0 d\u00e9poser \u00e0 l\u2019\u00e9cole, et l\u2019autre externe.<\/p>\n\n\n\n<p>Jancy insiste sur l\u2019importance du respect formel des proc\u00e9dures li\u00e9es aux d\u00e9cisions administratives.<br>Toutes les conditions doivent \u00eatre respect\u00e9es \u00e0 la lettre.<\/p>\n\n\n\n<p>\u00c0 d\u00e9faut, le recours n\u2019est tout simplement pas recevable, c\u2019est-\u00e0-dire qu\u2019il n\u2019est pas examin\u00e9 :<\/p>\n\n\n\n<ul class=\"wp-block-list\">\n<li>les d\u00e9lais doivent imp\u00e9rativement \u00eatre respect\u00e9s ;<\/li>\n\n\n\n<li>le recours interne (conciliation) est obligatoire avant d\u2019introduire un recours externe ;<\/li>\n\n\n\n<li>il doit \u00eatre envoy\u00e9 soit par courrier recommand\u00e9, soit via la plateforme e-recours.<\/li>\n<\/ul>\n\n\n\n<p>C\u2019est un \u00e9pisode tr\u00e8s pratique dans lequel Jancy partage toutes les informations utiles aux parents et aux \u00e9l\u00e8ves afin de maximiser leurs chances de faire r\u00e9viser une d\u00e9cision d\u2019\u00e9chec ou d\u2019exclusion.<\/p>\n\n\n\n<p>Bonne \u00e9coute !<\/p>\n\n\n\n<p>Note : <a href=\"http:\/\/www.enseignement.be\/index.php?page=24607&amp;navi=53\">http:\/\/www.enseignement.be\/index.php?page=24607&amp;navi=53<\/a><\/p>\n\n\n\n<p><\/p>\n","protected":false},"excerpt":{"rendered":"<p>&#8220;Le recours interne ne fonctionne quasi jamais mais il est obligatoire avant de pouvoir exercer son recours interne&#8221; Jancy Nounckele &nbsp;\u00ab &#8230;<\/p>\n","protected":false},"author":2,"featured_media":0,"comment_status":"closed","ping_status":"closed","sticky":false,"template":"","format":"standard","meta":{"footnotes":""},"categories":[162,24,138],"tags":[],"class_list":["post-3666","post","type-post","status-publish","format-standard","hentry","category-episode-114","category-podcast","category-saison-05-podcast"],"_links":{"self":[{"href":"https:\/\/www.avocat-bouria.com\/nl\/wp-json\/wp\/v2\/posts\/3666","targetHints":{"allow":["GET"]}}],"collection":[{"href":"https:\/\/www.avocat-bouria.com\/nl\/wp-json\/wp\/v2\/posts"}],"about":[{"href":"https:\/\/www.avocat-bouria.com\/nl\/wp-json\/wp\/v2\/types\/post"}],"author":[{"embeddable":true,"href":"https:\/\/www.avocat-bouria.com\/nl\/wp-json\/wp\/v2\/users\/2"}],"replies":[{"embeddable":true,"href":"https:\/\/www.avocat-bouria.com\/nl\/wp-json\/wp\/v2\/comments?post=3666"}],"version-history":[{"count":1,"href":"https:\/\/www.avocat-bouria.com\/nl\/wp-json\/wp\/v2\/posts\/3666\/revisions"}],"predecessor-version":[{"id":3667,"href":"https:\/\/www.avocat-bouria.com\/nl\/wp-json\/wp\/v2\/posts\/3666\/revisions\/3667"}],"wp:attachment":[{"href":"https:\/\/www.avocat-bouria.com\/nl\/wp-json\/wp\/v2\/media?parent=3666"}],"wp:term":[{"taxonomy":"category","embeddable":true,"href":"https:\/\/www.avocat-bouria.com\/nl\/wp-json\/wp\/v2\/categories?post=3666"},{"taxonomy":"post_tag","embeddable":true,"href":"https:\/\/www.avocat-bouria.com\/nl\/wp-json\/wp\/v2\/tags?post=3666"}],"curies":[{"name":"wp","href":"https:\/\/api.w.org\/{rel}","templated":true}]}}